{"id":720,"date":"2022-09-10T20:29:58","date_gmt":"2022-09-10T18:29:58","guid":{"rendered":"https:\/\/mozartbike.internet-box.ch\/?p=720"},"modified":"2023-01-09T21:02:33","modified_gmt":"2023-01-09T20:02:33","slug":"pratiquer-la-musique-une-activite-durable-et-qui-fait-durer","status":"publish","type":"post","link":"https:\/\/mozartbike.internet-box.ch\/?p=720","title":{"rendered":"Pratiquer la musique, une activit\u00e9 durable et qui fait durer"},"content":{"rendered":"\n<p><\/p>\n\n\n\n<p>S&rsquo;il faut classer le voyage \u00e0 v\u00e9lo parmi les activit\u00e9s durables si n\u00e9cessaires pour notre terre, il en est une autre qui m&rsquo;est ch\u00e8re : faire de la musique !<\/p>\n\n\n\n<p><a href=\"https:\/\/www.schubertiade.ch\/\">La Schubertiade<\/a> qui a eu lieu \u00e0 Fribourg le week-end dernier en est la preuve. Chanter en ch\u0153ur, partager de beaux moments musicaux, vivre des concerts intenses nous remplit de joie et d&rsquo;\u00e9nergie. D&rsquo;o\u00f9 le succ\u00e8s de la <em>Messe allemande <\/em>qui a r\u00e9uni 4000 personnes. Pour moi qui ai chant\u00e9 avec <a href=\"https:\/\/cantocello.ddns.net\/\">Cantocello<\/a>, cette fusion des voix dans un m\u00eame \u00e9lan suffit \u00e0 me rendre heureuse pour deux semaines !<\/p>\n\n\n\n<p class=\"has-text-align-center has-vivid-red-color has-text-color\"><strong>Aucune autre activit\u00e9 humaine ne consomme si peu pour autant de b\u00e9n\u00e9fices.<\/strong><\/p>\n\n\n\n<p>C\u2019est ce que pr\u00e9sente <strong><em>L&rsquo;Instinct de la Musique<\/em><\/strong> (2008), un documentaire didactique et passionnant dans lequel Elena Mannes part en qu\u00eate de l\u2019essence de la musique. Conduit par le duo assez improbable du musicien <a href=\"http:\/\/bobbymcferrin.com\">Bobby McFerrin<\/a>, g\u00e9nial vocaliste, et du neuroscientifique <a rel=\"noreferrer noopener\" href=\"http:\/\/daniellevitin.com\/publicpage\/\" target=\"_blank\">Daniel Levitin<\/a>, ce film montre comment la musique met en jeu et rassemble toutes les fonctions de notre cerveau comme un <em>\u00ab\u00a0feu d&rsquo;artifice d&rsquo;impulsions<\/em>\u00ab\u00a0, une symphonie neuronale.<\/p>\n\n\n\n<p>Mais il montre le plus essentiel : que la musique existe sans doute dans le seul but <strong>fondateur et existentiel <\/strong>de r\u00e9unir les humains, pour nous faire vibrer ensemble et nous conduire au vivre ensemble.<\/p>\n\n\n\n<figure class=\"wp-block-embed is-type-video is-provider-youtube wp-block-embed-youtube wp-embed-aspect-16-9 wp-has-aspect-ratio\"><div class=\"wp-block-embed__wrapper\">\n<iframe loading=\"lazy\" title=\"L&#039;instinct de la musique Arte\" width=\"640\" height=\"360\" src=\"https:\/\/www.youtube.com\/embed\/Bce3gC8T_gQ?feature=oembed\" frameborder=\"0\" allow=\"accelerometer; autoplay; clipboard-write; encrypted-media; gyroscope; picture-in-picture; web-share\" referrerpolicy=\"strict-origin-when-cross-origin\" allowfullscreen><\/iframe>\n<\/div><\/figure>\n\n\n\n<p>Dans cette m\u00eame id\u00e9e, je vous invite \u00e0 lire l&rsquo;ouvrage d&rsquo;Emmanuel Bigand et Barbara Tillmann, <strong><em>La Symphonie neuronale <\/em><\/strong>(2020), dont le propos devrait obliger les pouvoirs publics \u00e0 <strong>renforcer la pratique musicale dans les \u00e9coles<\/strong> et m\u00eame, selon les auteurs, \u00e0 <strong><a rel=\"noreferrer noopener\" href=\"https:\/\/www.radiofrance.fr\/francemusique\/la-symphonie-neuronale-selection-du-prix-du-livre-france-musique-claude-samuel-2021-8806226\" target=\"_blank\">\u00ab\u00a0musicaliser l\u2019\u00e9ducation\u00a0\u00bb<\/a><\/strong>.<\/p>\n\n\n<div class=\"wp-block-image\">\n<figure class=\"aligncenter size-full\"><img loading=\"lazy\" decoding=\"async\" width=\"400\" height=\"586\" src=\"https:\/\/mozartbike.internet-box.ch\/wp-content\/uploads\/2022\/08\/La-symphonie-neuronale.jpg\" alt=\"\" class=\"wp-image-804\" srcset=\"https:\/\/mozartbike.internet-box.ch\/wp-content\/uploads\/2022\/08\/La-symphonie-neuronale.jpg 400w, https:\/\/mozartbike.internet-box.ch\/wp-content\/uploads\/2022\/08\/La-symphonie-neuronale-205x300.jpg 205w\" sizes=\"auto, (max-width: 400px) 100vw, 400px\" \/><\/figure>\n<\/div>\n\n\n<p class=\"has-text-align-center\">Toutes les recherches en neurosciences le disent : <\/p>\n\n\n\n<p class=\"has-text-align-center\"><em><strong>\u00ab\u00a0La musique contribue au d\u00e9veloppement de l&rsquo;enfant, favorise la sociabilit\u00e9 et s&rsquo;av\u00e8re \u00eatre un excellent soutien scolaire. Elle permet de lutter contre le vieillissement cognitif et de rem\u00e9dier aux pathologies du cerveau.\u00a0\u00bb<\/strong><\/em><\/p>\n\n\n\n<p class=\"has-text-align-center has-vivid-red-color has-text-color has-medium-font-size\"><strong>Musicalisons nos vies!<\/strong><\/p>\n\n\n\n<p>Illustration avec cet article du 24Heures du 16-18 avril 2022. Et la photo est top, j&rsquo;adore ! (j&rsquo;esp\u00e8re que la r\u00e9daction de 24H que je soutiens en fid\u00e8le lectrice ne me fera pas d&rsquo;ennui.)<\/p>\n\n\n<div class=\"wp-block-image\">\n<figure class=\"aligncenter size-large is-resized\"><img loading=\"lazy\" decoding=\"async\" src=\"https:\/\/mozartbike.internet-box.ch\/wp-content\/uploads\/2022\/08\/Sans-titre-3-1002x1024.jpg\" alt=\"\" class=\"wp-image-802\" width=\"752\" height=\"768\" srcset=\"https:\/\/mozartbike.internet-box.ch\/wp-content\/uploads\/2022\/08\/Sans-titre-3-1002x1024.jpg 1002w, https:\/\/mozartbike.internet-box.ch\/wp-content\/uploads\/2022\/08\/Sans-titre-3-294x300.jpg 294w, https:\/\/mozartbike.internet-box.ch\/wp-content\/uploads\/2022\/08\/Sans-titre-3-768x785.jpg 768w, https:\/\/mozartbike.internet-box.ch\/wp-content\/uploads\/2022\/08\/Sans-titre-3-1504x1536.jpg 1504w, https:\/\/mozartbike.internet-box.ch\/wp-content\/uploads\/2022\/08\/Sans-titre-3-2005x2048.jpg 2005w, https:\/\/mozartbike.internet-box.ch\/wp-content\/uploads\/2022\/08\/Sans-titre-3-1170x1195.jpg 1170w\" sizes=\"auto, (max-width: 752px) 100vw, 752px\" \/><\/figure>\n<\/div>\n\n\n<p class=\"has-text-align-center\"><a href=\"https:\/\/theworldnews.net\/ch-news\/art-et-recherche-la-pratique-musicale-un-elixir-pour-mieux-vieillir\" target=\"_blank\" rel=\"noreferrer noopener\">https:\/\/theworldnews.net\/ch-news\/art-et-recherche-la-pratique-musicale-un-elixir-pour-mieux-vieillir<\/a><\/p>\n","protected":false},"excerpt":{"rendered":"<p>S&rsquo;il faut classer le voyage \u00e0 v\u00e9lo parmi les activit\u00e9s durables si n\u00e9cessaires pour notre terre, il en est une autre qui m&rsquo;est ch\u00e8re : faire de la musique ! La Schubertiade qui a eu lieu \u00e0 Fribourg le week-end dernier en est la preuve. Chanter en ch\u0153ur, partager de<\/p>\n","protected":false},"author":1,"featured_media":0,"comment_status":"open","ping_status":"open","sticky":false,"template":"","format":"standard","meta":{"_jetpack_memberships_contains_paid_content":false,"footnotes":""},"categories":[8],"tags":[87,88,86,85,84,83,59],"class_list":["post-720","post","type-post","status-publish","format-standard","hentry","category-blog","tag-chant","tag-education-musicale","tag-fusion","tag-musicaliser","tag-musique","tag-neurosciences","tag-perso"],"jetpack_featured_media_url":"","jetpack_sharing_enabled":true,"_links":{"self":[{"href":"https:\/\/mozartbike.internet-box.ch\/index.php?rest_route=\/wp\/v2\/posts\/720","targetHints":{"allow":["GET"]}}],"collection":[{"href":"https:\/\/mozartbike.internet-box.ch\/index.php?rest_route=\/wp\/v2\/posts"}],"about":[{"href":"https:\/\/mozartbike.internet-box.ch\/index.php?rest_route=\/wp\/v2\/types\/post"}],"author":[{"embeddable":true,"href":"https:\/\/mozartbike.internet-box.ch\/index.php?rest_route=\/wp\/v2\/users\/1"}],"replies":[{"embeddable":true,"href":"https:\/\/mozartbike.internet-box.ch\/index.php?rest_route=%2Fwp%2Fv2%2Fcomments&post=720"}],"version-history":[{"count":42,"href":"https:\/\/mozartbike.internet-box.ch\/index.php?rest_route=\/wp\/v2\/posts\/720\/revisions"}],"predecessor-version":[{"id":5289,"href":"https:\/\/mozartbike.internet-box.ch\/index.php?rest_route=\/wp\/v2\/posts\/720\/revisions\/5289"}],"wp:attachment":[{"href":"https:\/\/mozartbike.internet-box.ch\/index.php?rest_route=%2Fwp%2Fv2%2Fmedia&parent=720"}],"wp:term":[{"taxonomy":"category","embeddable":true,"href":"https:\/\/mozartbike.internet-box.ch\/index.php?rest_route=%2Fwp%2Fv2%2Fcategories&post=720"},{"taxonomy":"post_tag","embeddable":true,"href":"https:\/\/mozartbike.internet-box.ch\/index.php?rest_route=%2Fwp%2Fv2%2Ftags&post=720"}],"curies":[{"name":"wp","href":"https:\/\/api.w.org\/{rel}","templated":true}]}}